{"id":636,"date":"2019-03-27T12:34:16","date_gmt":"2019-03-27T12:34:16","guid":{"rendered":"http:\/\/polen.agro.unlpam.edu.ar\/?p=636"},"modified":"2019-03-27T12:38:03","modified_gmt":"2019-03-27T12:38:03","slug":"platanus-x-acerifolia-aiton-willd-platano","status":"publish","type":"post","link":"https:\/\/polen.agro.unlpam.edu.ar\/index.php\/2019\/03\/27\/platanus-x-acerifolia-aiton-willd-platano\/","title":{"rendered":"Platanus x acerifolia (Aiton) Willd. \u201cPl\u00e1tano\u201d"},"content":{"rendered":"<p>Descripci\u00f3n: es un h\u00edbrido entre <i>P. occidentalis<\/i> y <i>P. orientalis<\/i> de origen norteamericano y europeo respectivamente. Arbol de follaje caducifolio de copa ovoidal (de 25 a 35 m de altura y de 10 a 15 m de di\u00e1metro), corteza lisa verde amarillenta que se desprende en escamas. Hojas simples alternas, palmadas o lobuladas, grandes y vistosas, similares a la de los Arces; con largo pec\u00edolo y margen aserrado, yemas grandes rojizas. Flores muy peque\u00f1as, agrupadas en estructuras globosas, femeninas y masculinas por separado pero en el mismo \u00e1rbol. Frutos globosos con semillas rodeadas de pelos permanecen hasta la siguiente primavera.<\/p>\n<p>Usos: arbolado de calles, plazas y avenidas<\/p>\n<p>Particularidades: de crecimiento r\u00e1pido, longevo, r\u00fastico, se multiplica por estacas, soporta las podas y la poluci\u00f3n de las grandes ciudades<\/p>\n<p>Potencial alerg\u00f3geno: alto<\/p>\n<p>Floraci\u00f3n: de agosto a diciembre coincide con la foliaci\u00f3n<\/p>\n\n\n<figure class=\"wp-block-image\"><img loading=\"lazy\" decoding=\"async\" width=\"768\" height=\"1024\" src=\"https:\/\/polen.agro.unlpam.edu.ar\/wp-content\/uploads\/2019\/03\/platanus-768x1024.jpg\" alt=\"\" class=\"wp-image-638\" srcset=\"https:\/\/polen.agro.unlpam.edu.ar\/wp-content\/uploads\/2019\/03\/platanus-768x1024.jpg 768w, https:\/\/polen.agro.unlpam.edu.ar\/wp-content\/uploads\/2019\/03\/platanus-225x300.jpg 225w\" sizes=\"auto, (max-width: 768px) 100vw, 768px\" \/><figcaption>Ejemplares de <em>P<\/em>. x <em>acerifolia<\/em>, detalle de hojas y fruto<\/figcaption><\/figure>\n\n\n\n<figure class=\"wp-block-image\"><img loading=\"lazy\" decoding=\"async\" width=\"768\" height=\"1024\" src=\"https:\/\/polen.agro.unlpam.edu.ar\/wp-content\/uploads\/2019\/03\/P.x-acerifolia2-768x1024.jpg\" alt=\"\" class=\"wp-image-639\" srcset=\"https:\/\/polen.agro.unlpam.edu.ar\/wp-content\/uploads\/2019\/03\/P.x-acerifolia2-768x1024.jpg 768w, https:\/\/polen.agro.unlpam.edu.ar\/wp-content\/uploads\/2019\/03\/P.x-acerifolia2-225x300.jpg 225w\" sizes=\"auto, (max-width: 768px) 100vw, 768px\" \/><figcaption>Ejemplares de <em>P<\/em>. x <em>acerifolia<\/em>, detalle de hojas y fruto<\/figcaption><\/figure>\n","protected":false},"excerpt":{"rendered":"<p>Descripci\u00f3n: es un h\u00edbrido entre P. occidentalis y P. orientalis de origen norteamericano y europeo respectivamente. Arbol de follaje caducifolio de copa ovoidal (de 25 a 35 m de altura&hellip;<\/p>\n","protected":false},"author":1,"featured_media":0,"comment_status":"open","ping_status":"open","sticky":false,"template":"","format":"standard","meta":{"footnotes":""},"categories":[4],"tags":[],"class_list":["post-636","post","type-post","status-publish","format-standard","hentry","category-polinicos","no-post-thumbnail"],"_links":{"self":[{"href":"https:\/\/polen.agro.unlpam.edu.ar\/index.php\/wp-json\/wp\/v2\/posts\/636","targetHints":{"allow":["GET"]}}],"collection":[{"href":"https:\/\/polen.agro.unlpam.edu.ar\/index.php\/wp-json\/wp\/v2\/posts"}],"about":[{"href":"https:\/\/polen.agro.unlpam.edu.ar\/index.php\/wp-json\/wp\/v2\/types\/post"}],"author":[{"embeddable":true,"href":"https:\/\/polen.agro.unlpam.edu.ar\/index.php\/wp-json\/wp\/v2\/users\/1"}],"replies":[{"embeddable":true,"href":"https:\/\/polen.agro.unlpam.edu.ar\/index.php\/wp-json\/wp\/v2\/comments?post=636"}],"version-history":[{"count":2,"href":"https:\/\/polen.agro.unlpam.edu.ar\/index.php\/wp-json\/wp\/v2\/posts\/636\/revisions"}],"predecessor-version":[{"id":640,"href":"https:\/\/polen.agro.unlpam.edu.ar\/index.php\/wp-json\/wp\/v2\/posts\/636\/revisions\/640"}],"wp:attachment":[{"href":"https:\/\/polen.agro.unlpam.edu.ar\/index.php\/wp-json\/wp\/v2\/media?parent=636"}],"wp:term":[{"taxonomy":"category","embeddable":true,"href":"https:\/\/polen.agro.unlpam.edu.ar\/index.php\/wp-json\/wp\/v2\/categories?post=636"},{"taxonomy":"post_tag","embeddable":true,"href":"https:\/\/polen.agro.unlpam.edu.ar\/index.php\/wp-json\/wp\/v2\/tags?post=636"}],"curies":[{"name":"wp","href":"https:\/\/api.w.org\/{rel}","templated":true}]}}