{"id":643,"date":"2019-03-27T12:40:30","date_gmt":"2019-03-27T12:40:30","guid":{"rendered":"http:\/\/polen.agro.unlpam.edu.ar\/?p=643"},"modified":"2019-03-27T13:13:31","modified_gmt":"2019-03-27T13:13:31","slug":"lagerstroemia-indica-l-crespon-o-espumilla","status":"publish","type":"post","link":"https:\/\/polen.agro.unlpam.edu.ar\/index.php\/2019\/03\/27\/lagerstroemia-indica-l-crespon-o-espumilla\/","title":{"rendered":"\fLagerstroemia indica L.: \u201ccresp\u00f3n o espumilla\u201d"},"content":{"rendered":"<p>Descripci\u00f3n: \u00e1rbol \u2013arbusto de follaje caduco, copa de forma c\u00f3nica invertida, (de 2 a 3,5 m de altura y 2 a 3 m de di\u00e1metro, puede alcanzar los 6 m) troncos retorcidos, corteza lisa color ocre. Hojas alternas o subopuestas el\u00edpticas color verde oscuro gris\u00e1ceo. Flores hermafroditas, de 4 a 9 p\u00e9talos crespos, distribuidas en panojas de color rosado generalmente. Los frutos son c\u00e1psulas globosas. Originarias de Asia y Australia.<\/p>\n<p>Usos: ornamental por su follaje decorativo y floraci\u00f3n vistosa y larga<\/p>\n<p>Particularidades: existen variedades con flores de color blanco, p\u00farpura y rojo, delicado para las heladas, crecimiento r\u00e1pido. Se multiplica por gajos y renuevos.<\/p>\n<p>Potencial alerg\u00f3geno: no posee dada su polinizaci\u00f3n entom\u00f3fila.<\/p>\n<p>Floraci\u00f3n: de diciembre a marzo<\/p>\n\n\n<figure class=\"wp-block-image\"><img loading=\"lazy\" decoding=\"async\" width=\"768\" height=\"1024\" src=\"https:\/\/polen.agro.unlpam.edu.ar\/wp-content\/uploads\/2019\/03\/L.-indica2-768x1024.jpg\" alt=\"\" class=\"wp-image-646\" srcset=\"https:\/\/polen.agro.unlpam.edu.ar\/wp-content\/uploads\/2019\/03\/L.-indica2-768x1024.jpg 768w, https:\/\/polen.agro.unlpam.edu.ar\/wp-content\/uploads\/2019\/03\/L.-indica2-225x300.jpg 225w\" sizes=\"auto, (max-width: 768px) 100vw, 768px\" \/><figcaption>Ejemplares de <em>L. indica<\/em> florecidos<\/figcaption><\/figure>\n\n\n\n<figure class=\"wp-block-image\"><img loading=\"lazy\" decoding=\"async\" width=\"1024\" height=\"768\" src=\"https:\/\/polen.agro.unlpam.edu.ar\/wp-content\/uploads\/2019\/03\/L.-indica-1024x768.jpg\" alt=\"\" class=\"wp-image-647\" srcset=\"https:\/\/polen.agro.unlpam.edu.ar\/wp-content\/uploads\/2019\/03\/L.-indica-1024x768.jpg 1024w, https:\/\/polen.agro.unlpam.edu.ar\/wp-content\/uploads\/2019\/03\/L.-indica-300x225.jpg 300w, https:\/\/polen.agro.unlpam.edu.ar\/wp-content\/uploads\/2019\/03\/L.-indica-768x576.jpg 768w\" sizes=\"auto, (max-width: 1024px) 100vw, 1024px\" \/><figcaption>Ejemplares de <em>L. indica<\/em> florecidos<\/figcaption><\/figure>\n","protected":false},"excerpt":{"rendered":"<p>Descripci\u00f3n: \u00e1rbol \u2013arbusto de follaje caduco, copa de forma c\u00f3nica invertida, (de 2 a 3,5 m de altura y 2 a 3 m de di\u00e1metro, puede alcanzar los 6 m)&hellip;<\/p>\n","protected":false},"author":1,"featured_media":0,"comment_status":"open","ping_status":"open","sticky":false,"template":"","format":"standard","meta":{"footnotes":""},"categories":[4],"tags":[],"class_list":["post-643","post","type-post","status-publish","format-standard","hentry","category-polinicos","no-post-thumbnail"],"_links":{"self":[{"href":"https:\/\/polen.agro.unlpam.edu.ar\/index.php\/wp-json\/wp\/v2\/posts\/643","targetHints":{"allow":["GET"]}}],"collection":[{"href":"https:\/\/polen.agro.unlpam.edu.ar\/index.php\/wp-json\/wp\/v2\/posts"}],"about":[{"href":"https:\/\/polen.agro.unlpam.edu.ar\/index.php\/wp-json\/wp\/v2\/types\/post"}],"author":[{"embeddable":true,"href":"https:\/\/polen.agro.unlpam.edu.ar\/index.php\/wp-json\/wp\/v2\/users\/1"}],"replies":[{"embeddable":true,"href":"https:\/\/polen.agro.unlpam.edu.ar\/index.php\/wp-json\/wp\/v2\/comments?post=643"}],"version-history":[{"count":2,"href":"https:\/\/polen.agro.unlpam.edu.ar\/index.php\/wp-json\/wp\/v2\/posts\/643\/revisions"}],"predecessor-version":[{"id":648,"href":"https:\/\/polen.agro.unlpam.edu.ar\/index.php\/wp-json\/wp\/v2\/posts\/643\/revisions\/648"}],"wp:attachment":[{"href":"https:\/\/polen.agro.unlpam.edu.ar\/index.php\/wp-json\/wp\/v2\/media?parent=643"}],"wp:term":[{"taxonomy":"category","embeddable":true,"href":"https:\/\/polen.agro.unlpam.edu.ar\/index.php\/wp-json\/wp\/v2\/categories?post=643"},{"taxonomy":"post_tag","embeddable":true,"href":"https:\/\/polen.agro.unlpam.edu.ar\/index.php\/wp-json\/wp\/v2\/tags?post=643"}],"curies":[{"name":"wp","href":"https:\/\/api.w.org\/{rel}","templated":true}]}}