{"id":670,"date":"2019-04-09T13:33:09","date_gmt":"2019-04-09T13:33:09","guid":{"rendered":"http:\/\/polen.agro.unlpam.edu.ar\/?p=670"},"modified":"2019-04-11T21:45:02","modified_gmt":"2019-04-11T21:45:02","slug":"polenes-y-alergia","status":"publish","type":"post","link":"https:\/\/polen.agro.unlpam.edu.ar\/index.php\/2019\/04\/09\/polenes-y-alergia\/","title":{"rendered":"P\u00d3LENES Y ALERGIA"},"content":{"rendered":"<p>La relaci\u00f3n que existe entre los p\u00f3lenes y las enfermedades al\u00e9rgicas se conoce desde hace siglos; Leonardo Botallo, en el a\u00f1o 1565, describi\u00f3 los s\u00edntomas cl\u00ednicos de la enfermedad de la v\u00eda a\u00e9rea superior y lo atribuy\u00f3 al aroma de las rosas, llam\u00e1ndolo \u201cFiebre de las Rosas\u201d, denominaci\u00f3n que persisti\u00f3 durante varios a\u00f1os. En 1819, John Bostock realiz\u00f3 una exacta descripci\u00f3n cl\u00ednica de la enfermedad relacion\u00e1ndola con los p\u00f3lenes del heno y as\u00ed pas\u00f3 a llamarse \u201cFiebre de Heno\u201d. En 1873 Charles Blackey, a partir de experimentar consigo mismo, pudo probar la relaci\u00f3n que existe entre la enfermedad al\u00e9rgica de la v\u00eda a\u00e9rea y los granos de polen. Desde entonces, muchos tipos pol\u00ednicos fueron descubiertos y estudiados como causa de las enfermedades al\u00e9rgicas.<\/p>\n<p>Las alergias son enfermedades caracterizadas por una respuesta exagerada del organismo ante elementos que son inofensivos para la mayor\u00eda de las personas, facilitada por una condici\u00f3n gen\u00e9tica particular del sistema inmunitario del individuo. Esta respuesta exagerada puede expresarse en distintos \u00f3rganos y sistemas, produciendo distintas afecciones como asma, rinitis al\u00e9rgica, urticaria o conjuntivitis.<\/p>\n<p>Los elementos capaces de producir enfermedades al\u00e9rgicas se denominan al\u00e9rgenos, y son prote\u00ednas o glicoprote\u00ednas ex\u00f3genas que inducen en individuos susceptibles la producci\u00f3n de anticuerpos tipo Inmunoglobulina E espec\u00edfica; este proceso, llamado sensibilizaci\u00f3n, se desarrolla tras la exposici\u00f3n a estos al\u00e9rgenos.<\/p>\n<p>Una de las formas de sensibilizaci\u00f3n es a trav\u00e9s de la v\u00eda inhalatoria por exposici\u00f3n a <b>aero<\/b>-al\u00e9rgenos. En este caso se trata de prote\u00ednas con caracter\u00edsticas que las hacen capaces de llegar al aire, como solubilidad, volatilidad y que, por estar presentes en estructuras de peque\u00f1o tama\u00f1o, pueden permanecer m\u00e1s tiempo en el aire.<\/p>\n<p>Los granos de polen son aero-al\u00e9rgenos que, suspendidos en el aire, act\u00faan como transportadores de estas prote\u00ednas y glicoprote\u00ednas. Tienen ciertas particularidades, como un di\u00e1metro de entre 10-60\u00b5m, proceden de plantas anem\u00f3filas por lo que son producidos en grandes cantidades y dispersados por el viento; y liberan f\u00e1cilmente las prote\u00ednas alerg\u00e9nicas cuando llegan a la mucosa de la v\u00eda respiratoria.<\/p>\n<p>Cuantificar los granos de polen presentes en el aire es muy importante para pacientes y m\u00e9dicos: permite conocer cu\u00e1les son los tipos pol\u00ednicos presentes en la zona y en qu\u00e9 cantidad se encuentran, cu\u00e1l es la variaci\u00f3n diaria y estacional, posibilita monitorear cambios anuales en el espectro pol\u00ednico del lugar y hacer an\u00e1lisis de situaci\u00f3n local. Para quienes padecen de esta afecci\u00f3n posibilita adoptar comportamientos preventivos, como la planificaci\u00f3n de viajes o la hora en la que es necesario evitar actividad al aire libre.<\/p>\n<p>En definitiva, teniendo en cuenta que la incidencia de las enfermedades al\u00e9rgicas a nivel mundial est\u00e1 en aumento, conocer cu\u00e1les son los p\u00f3lenes prevalentes a nivel local es fundamental para una mejor prevenci\u00f3n, diagn\u00f3stico y tratamiento de las mismas.<\/p>\n<h6>Dr. Fabi\u00e1n Villegas<\/h6>\n<h6>M\u00e9dico Especialista en Medicina Gral. y Familiar. Especialista en Asma, Alergia e Inmunolog\u00eda<\/h6>\n","protected":false},"excerpt":{"rendered":"<p>La relaci\u00f3n que existe entre los p\u00f3lenes y las enfermedades al\u00e9rgicas se conoce desde hace siglos; Leonardo Botallo, en el a\u00f1o 1565, describi\u00f3 los s\u00edntomas cl\u00ednicos de la enfermedad de&hellip;<\/p>\n","protected":false},"author":1,"featured_media":0,"comment_status":"open","ping_status":"open","sticky":false,"template":"","format":"standard","meta":{"footnotes":""},"categories":[5],"tags":[6,8],"class_list":["post-670","post","type-post","status-publish","format-standard","hentry","category-informacion","tag-polen","tag-polen-santa-rosa","no-post-thumbnail"],"_links":{"self":[{"href":"https:\/\/polen.agro.unlpam.edu.ar\/index.php\/wp-json\/wp\/v2\/posts\/670","targetHints":{"allow":["GET"]}}],"collection":[{"href":"https:\/\/polen.agro.unlpam.edu.ar\/index.php\/wp-json\/wp\/v2\/posts"}],"about":[{"href":"https:\/\/polen.agro.unlpam.edu.ar\/index.php\/wp-json\/wp\/v2\/types\/post"}],"author":[{"embeddable":true,"href":"https:\/\/polen.agro.unlpam.edu.ar\/index.php\/wp-json\/wp\/v2\/users\/1"}],"replies":[{"embeddable":true,"href":"https:\/\/polen.agro.unlpam.edu.ar\/index.php\/wp-json\/wp\/v2\/comments?post=670"}],"version-history":[{"count":2,"href":"https:\/\/polen.agro.unlpam.edu.ar\/index.php\/wp-json\/wp\/v2\/posts\/670\/revisions"}],"predecessor-version":[{"id":718,"href":"https:\/\/polen.agro.unlpam.edu.ar\/index.php\/wp-json\/wp\/v2\/posts\/670\/revisions\/718"}],"wp:attachment":[{"href":"https:\/\/polen.agro.unlpam.edu.ar\/index.php\/wp-json\/wp\/v2\/media?parent=670"}],"wp:term":[{"taxonomy":"category","embeddable":true,"href":"https:\/\/polen.agro.unlpam.edu.ar\/index.php\/wp-json\/wp\/v2\/categories?post=670"},{"taxonomy":"post_tag","embeddable":true,"href":"https:\/\/polen.agro.unlpam.edu.ar\/index.php\/wp-json\/wp\/v2\/tags?post=670"}],"curies":[{"name":"wp","href":"https:\/\/api.w.org\/{rel}","templated":true}]}}