{"id":962,"date":"2019-08-21T17:36:21","date_gmt":"2019-08-21T17:36:21","guid":{"rendered":"http:\/\/polen.agro.unlpam.edu.ar\/?p=962"},"modified":"2019-08-21T17:36:21","modified_gmt":"2019-08-21T17:36:21","slug":"reporte-semanal-20-08-2019","status":"publish","type":"post","link":"https:\/\/polen.agro.unlpam.edu.ar\/index.php\/2019\/08\/21\/reporte-semanal-20-08-2019\/","title":{"rendered":"Reporte Semanal &#8211; 20\/08\/2019"},"content":{"rendered":"\n<p>Los siguientes gr\u00e1ficos muestran las curvas pol\u00ednicas y esp\u00f3ricas       \n semanales, esto es la concentraci\u00f3n de granos de polen y esporas de    \n    hongos de <em>Alternaria<\/em>&nbsp;registrados por metro c\u00fabico de aire y\n   por d\u00eda en la ciudad de Santa Rosa. Esta informaci\u00f3n se actualiza   \nsemanalmente los d\u00edas martes, a las 17:00 hs.<\/p>\n\n\n\n<hr class=\"wp-block-separator\"\/>\n\n\n\n<figure class=\"wp-block-image\"><img loading=\"lazy\" decoding=\"async\" width=\"889\" height=\"453\" src=\"https:\/\/polen.agro.unlpam.edu.ar\/wp-content\/uploads\/2019\/08\/image001-21-08-2019.png\" alt=\"\" class=\"wp-image-960\" srcset=\"https:\/\/polen.agro.unlpam.edu.ar\/wp-content\/uploads\/2019\/08\/image001-21-08-2019.png 889w, https:\/\/polen.agro.unlpam.edu.ar\/wp-content\/uploads\/2019\/08\/image001-21-08-2019-300x153.png 300w, https:\/\/polen.agro.unlpam.edu.ar\/wp-content\/uploads\/2019\/08\/image001-21-08-2019-768x391.png 768w\" sizes=\"auto, (max-width: 889px) 100vw, 889px\" \/><\/figure>\n\n\n\n<hr class=\"wp-block-separator\"\/>\n\n\n\n<figure class=\"wp-block-image\"><img loading=\"lazy\" decoding=\"async\" width=\"839\" height=\"451\" src=\"https:\/\/polen.agro.unlpam.edu.ar\/wp-content\/uploads\/2019\/08\/image002-21-08-2019.png\" alt=\"\" class=\"wp-image-959\" srcset=\"https:\/\/polen.agro.unlpam.edu.ar\/wp-content\/uploads\/2019\/08\/image002-21-08-2019.png 839w, https:\/\/polen.agro.unlpam.edu.ar\/wp-content\/uploads\/2019\/08\/image002-21-08-2019-300x161.png 300w, https:\/\/polen.agro.unlpam.edu.ar\/wp-content\/uploads\/2019\/08\/image002-21-08-2019-768x413.png 768w\" sizes=\"auto, (max-width: 839px) 100vw, 839px\" \/><\/figure>\n\n\n\n<hr class=\"wp-block-separator\"\/>\n\n\n\n<figure class=\"wp-block-image\"><img loading=\"lazy\" decoding=\"async\" width=\"947\" height=\"447\" src=\"https:\/\/polen.agro.unlpam.edu.ar\/wp-content\/uploads\/2019\/08\/image005-21-08-2019.png\" alt=\"\" class=\"wp-image-961\" srcset=\"https:\/\/polen.agro.unlpam.edu.ar\/wp-content\/uploads\/2019\/08\/image005-21-08-2019.png 947w, https:\/\/polen.agro.unlpam.edu.ar\/wp-content\/uploads\/2019\/08\/image005-21-08-2019-300x142.png 300w, https:\/\/polen.agro.unlpam.edu.ar\/wp-content\/uploads\/2019\/08\/image005-21-08-2019-768x363.png 768w\" sizes=\"auto, (max-width: 947px) 100vw, 947px\" \/><\/figure>\n\n\n\n<hr class=\"wp-block-separator\"\/>\n","protected":false},"excerpt":{"rendered":"<p>Los siguientes gr\u00e1ficos muestran las curvas pol\u00ednicas y esp\u00f3ricas semanales, esto es la concentraci\u00f3n de granos de polen y esporas de hongos de Alternaria&nbsp;registrados por metro c\u00fabico de aire y&hellip;<\/p>\n","protected":false},"author":1,"featured_media":0,"comment_status":"open","ping_status":"open","sticky":false,"template":"","format":"standard","meta":{"footnotes":""},"categories":[9],"tags":[],"class_list":["post-962","post","type-post","status-publish","format-standard","hentry","category-reportes","no-post-thumbnail"],"_links":{"self":[{"href":"https:\/\/polen.agro.unlpam.edu.ar\/index.php\/wp-json\/wp\/v2\/posts\/962","targetHints":{"allow":["GET"]}}],"collection":[{"href":"https:\/\/polen.agro.unlpam.edu.ar\/index.php\/wp-json\/wp\/v2\/posts"}],"about":[{"href":"https:\/\/polen.agro.unlpam.edu.ar\/index.php\/wp-json\/wp\/v2\/types\/post"}],"author":[{"embeddable":true,"href":"https:\/\/polen.agro.unlpam.edu.ar\/index.php\/wp-json\/wp\/v2\/users\/1"}],"replies":[{"embeddable":true,"href":"https:\/\/polen.agro.unlpam.edu.ar\/index.php\/wp-json\/wp\/v2\/comments?post=962"}],"version-history":[{"count":2,"href":"https:\/\/polen.agro.unlpam.edu.ar\/index.php\/wp-json\/wp\/v2\/posts\/962\/revisions"}],"predecessor-version":[{"id":969,"href":"https:\/\/polen.agro.unlpam.edu.ar\/index.php\/wp-json\/wp\/v2\/posts\/962\/revisions\/969"}],"wp:attachment":[{"href":"https:\/\/polen.agro.unlpam.edu.ar\/index.php\/wp-json\/wp\/v2\/media?parent=962"}],"wp:term":[{"taxonomy":"category","embeddable":true,"href":"https:\/\/polen.agro.unlpam.edu.ar\/index.php\/wp-json\/wp\/v2\/categories?post=962"},{"taxonomy":"post_tag","embeddable":true,"href":"https:\/\/polen.agro.unlpam.edu.ar\/index.php\/wp-json\/wp\/v2\/tags?post=962"}],"curies":[{"name":"wp","href":"https:\/\/api.w.org\/{rel}","templated":true}]}}